{"id":551,"count":1,"description":"","link":"https:\/\/www.gosciniecszumny.pl\/cs\/category\/sluzby\/dalsi-sluzby\/","name":"Dal\u0161\u00ed slu\u017eby","slug":"dalsi-sluzby","taxonomy":"category","parent":549,"meta":[],"yoast_head":"<!-- This site is optimized with the Yoast SEO plugin v24.5 - https:\/\/yoast.com\/wordpress\/plugins\/seo\/ -->\n<title>Dal\u0161\u00ed slu\u017eby - Go\u015bciniec Szumny - Wesela<\/title>\n<meta name=\"description\" content=\"Pod\u00edvejte se na na\u0161e svatebn\u00ed slu\u017eby. Catering a osobn\u00ed svatebn\u00ed v\u00fdhled jsou jedny z nejd\u016fle\u017eit\u011bj\u0161\u00edch faktor\u016f pro \u00fasp\u011b\u0161nou oslavu. U n\u00e1s je najdete!\" \/>\n<meta name=\"robots\" content=\"index, follow, max-snippet:-1, max-image-preview:large, max-video-preview:-1\" \/>\n<link rel=\"canonical\" href=\"https:\/\/www.gosciniecszumny.pl\/cs\/category\/sluzby\/dalsi-sluzby\/\" \/>\n<meta property=\"og:locale\" content=\"pl_PL\" \/>\n<meta property=\"og:type\" content=\"article\" \/>\n<meta property=\"og:title\" content=\"Dal\u0161\u00ed slu\u017eby - Go\u015bciniec Szumny - Wesela\" \/>\n<meta property=\"og:description\" content=\"Pod\u00edvejte se na na\u0161e svatebn\u00ed slu\u017eby. Catering a osobn\u00ed svatebn\u00ed v\u00fdhled jsou jedny z nejd\u016fle\u017eit\u011bj\u0161\u00edch faktor\u016f pro \u00fasp\u011b\u0161nou oslavu. U n\u00e1s je najdete!\" \/>\n<meta property=\"og:url\" content=\"https:\/\/www.gosciniecszumny.pl\/cs\/category\/sluzby\/dalsi-sluzby\/\" \/>\n<meta property=\"og:site_name\" content=\"Go\u015bciniec Szumny - Wesela\" \/>\n<meta name=\"twitter:card\" content=\"summary_large_image\" \/>\n<script type=\"application\/ld+json\" class=\"yoast-schema-graph\">{\"@context\":\"https:\/\/schema.org\",\"@graph\":[{\"@type\":\"CollectionPage\",\"@id\":\"https:\/\/www.gosciniecszumny.pl\/cs\/category\/sluzby\/dalsi-sluzby\/\",\"url\":\"https:\/\/www.gosciniecszumny.pl\/cs\/category\/sluzby\/dalsi-sluzby\/\",\"name\":\"Dal\u0161\u00ed slu\u017eby - Go\u015bciniec Szumny - Wesela\",\"isPartOf\":{\"@id\":\"https:\/\/www.gosciniecszumny.pl\/cs\/#website\"},\"description\":\"Pod\u00edvejte se na na\u0161e svatebn\u00ed slu\u017eby. Catering a osobn\u00ed svatebn\u00ed v\u00fdhled jsou jedny z nejd\u016fle\u017eit\u011bj\u0161\u00edch faktor\u016f pro \u00fasp\u011b\u0161nou oslavu. U n\u00e1s je najdete!\",\"breadcrumb\":{\"@id\":\"https:\/\/www.gosciniecszumny.pl\/cs\/category\/sluzby\/dalsi-sluzby\/#breadcrumb\"},\"inLanguage\":\"pl-PL\"},{\"@type\":\"BreadcrumbList\",\"@id\":\"https:\/\/www.gosciniecszumny.pl\/cs\/category\/sluzby\/dalsi-sluzby\/#breadcrumb\",\"itemListElement\":[{\"@type\":\"ListItem\",\"position\":1,\"name\":\"Strona g\u0142\u00f3wna\",\"item\":\"https:\/\/www.gosciniecszumny.pl\/cs\/\"},{\"@type\":\"ListItem\",\"position\":2,\"name\":\"Slu\u017eby\",\"item\":\"https:\/\/www.gosciniecszumny.pl\/cs\/category\/sluzby\/\"},{\"@type\":\"ListItem\",\"position\":3,\"name\":\"Dal\u0161\u00ed slu\u017eby\"}]},{\"@type\":\"WebSite\",\"@id\":\"https:\/\/www.gosciniecszumny.pl\/cs\/#website\",\"url\":\"https:\/\/www.gosciniecszumny.pl\/cs\/\",\"name\":\"Go\u015bciniec Szumny - Wesele, Sala weselna Bielsko-Bia\u0142a\",\"description\":\"\",\"publisher\":{\"@id\":\"https:\/\/www.gosciniecszumny.pl\/cs\/#organization\"},\"potentialAction\":[{\"@type\":\"SearchAction\",\"target\":{\"@type\":\"EntryPoint\",\"urlTemplate\":\"https:\/\/www.gosciniecszumny.pl\/cs\/?s={search_term_string}\"},\"query-input\":{\"@type\":\"PropertyValueSpecification\",\"valueRequired\":true,\"valueName\":\"search_term_string\"}}],\"inLanguage\":\"pl-PL\"},{\"@type\":\"Organization\",\"@id\":\"https:\/\/www.gosciniecszumny.pl\/cs\/#organization\",\"name\":\"Go\u015bciniec Szumny Sale weselne Bielsko-Bia\u0142a\",\"url\":\"https:\/\/www.gosciniecszumny.pl\/cs\/\",\"logo\":{\"@type\":\"ImageObject\",\"inLanguage\":\"pl-PL\",\"@id\":\"https:\/\/www.gosciniecszumny.pl\/cs\/#\/schema\/logo\/image\/\",\"url\":\"https:\/\/gosciniecszumny.pl\/cs\/wp-content\/uploads\/2018\/09\/favicon.png\",\"contentUrl\":\"https:\/\/gosciniecszumny.pl\/cs\/wp-content\/uploads\/2018\/09\/favicon.png\",\"width\":512,\"height\":512,\"caption\":\"Go\u015bciniec Szumny Sale weselne Bielsko-Bia\u0142a\"},\"image\":{\"@id\":\"https:\/\/www.gosciniecszumny.pl\/cs\/#\/schema\/logo\/image\/\"},\"sameAs\":[\"https:\/\/www.facebook.com\/Gociniec-Szumny-182349508574385\/\"]}]}<\/script>\n<!-- \/ Yoast SEO plugin. -->","yoast_head_json":{"title":"Dal\u0161\u00ed slu\u017eby - Go\u015bciniec Szumny - Wesela","description":"Pod\u00edvejte se na na\u0161e svatebn\u00ed slu\u017eby. Catering a osobn\u00ed svatebn\u00ed v\u00fdhled jsou jedny z nejd\u016fle\u017eit\u011bj\u0161\u00edch faktor\u016f pro \u00fasp\u011b\u0161nou oslavu. U n\u00e1s je najdete!","robots":{"index":"index","follow":"follow","max-snippet":"max-snippet:-1","max-image-preview":"max-image-preview:large","max-video-preview":"max-video-preview:-1"},"canonical":"https:\/\/www.gosciniecszumny.pl\/cs\/category\/sluzby\/dalsi-sluzby\/","og_locale":"pl_PL","og_type":"article","og_title":"Dal\u0161\u00ed slu\u017eby - Go\u015bciniec Szumny - Wesela","og_description":"Pod\u00edvejte se na na\u0161e svatebn\u00ed slu\u017eby. Catering a osobn\u00ed svatebn\u00ed v\u00fdhled jsou jedny z nejd\u016fle\u017eit\u011bj\u0161\u00edch faktor\u016f pro \u00fasp\u011b\u0161nou oslavu. U n\u00e1s je najdete!","og_url":"https:\/\/www.gosciniecszumny.pl\/cs\/category\/sluzby\/dalsi-sluzby\/","og_site_name":"Go\u015bciniec Szumny - Wesela","twitter_card":"summary_large_image","schema":{"@context":"https:\/\/schema.org","@graph":[{"@type":"CollectionPage","@id":"https:\/\/www.gosciniecszumny.pl\/cs\/category\/sluzby\/dalsi-sluzby\/","url":"https:\/\/www.gosciniecszumny.pl\/cs\/category\/sluzby\/dalsi-sluzby\/","name":"Dal\u0161\u00ed slu\u017eby - Go\u015bciniec Szumny - Wesela","isPartOf":{"@id":"https:\/\/www.gosciniecszumny.pl\/cs\/#website"},"description":"Pod\u00edvejte se na na\u0161e svatebn\u00ed slu\u017eby. Catering a osobn\u00ed svatebn\u00ed v\u00fdhled jsou jedny z nejd\u016fle\u017eit\u011bj\u0161\u00edch faktor\u016f pro \u00fasp\u011b\u0161nou oslavu. U n\u00e1s je najdete!","breadcrumb":{"@id":"https:\/\/www.gosciniecszumny.pl\/cs\/category\/sluzby\/dalsi-sluzby\/#breadcrumb"},"inLanguage":"pl-PL"},{"@type":"BreadcrumbList","@id":"https:\/\/www.gosciniecszumny.pl\/cs\/category\/sluzby\/dalsi-sluzby\/#breadcrumb","itemListElement":[{"@type":"ListItem","position":1,"name":"Strona g\u0142\u00f3wna","item":"https:\/\/www.gosciniecszumny.pl\/cs\/"},{"@type":"ListItem","position":2,"name":"Slu\u017eby","item":"https:\/\/www.gosciniecszumny.pl\/cs\/category\/sluzby\/"},{"@type":"ListItem","position":3,"name":"Dal\u0161\u00ed slu\u017eby"}]},{"@type":"WebSite","@id":"https:\/\/www.gosciniecszumny.pl\/cs\/#website","url":"https:\/\/www.gosciniecszumny.pl\/cs\/","name":"Go\u015bciniec Szumny - Wesele, Sala weselna Bielsko-Bia\u0142a","description":"","publisher":{"@id":"https:\/\/www.gosciniecszumny.pl\/cs\/#organization"},"potentialAction":[{"@type":"SearchAction","target":{"@type":"EntryPoint","urlTemplate":"https:\/\/www.gosciniecszumny.pl\/cs\/?s={search_term_string}"},"query-input":{"@type":"PropertyValueSpecification","valueRequired":true,"valueName":"search_term_string"}}],"inLanguage":"pl-PL"},{"@type":"Organization","@id":"https:\/\/www.gosciniecszumny.pl\/cs\/#organization","name":"Go\u015bciniec Szumny Sale weselne Bielsko-Bia\u0142a","url":"https:\/\/www.gosciniecszumny.pl\/cs\/","logo":{"@type":"ImageObject","inLanguage":"pl-PL","@id":"https:\/\/www.gosciniecszumny.pl\/cs\/#\/schema\/logo\/image\/","url":"https:\/\/gosciniecszumny.pl\/cs\/wp-content\/uploads\/2018\/09\/favicon.png","contentUrl":"https:\/\/gosciniecszumny.pl\/cs\/wp-content\/uploads\/2018\/09\/favicon.png","width":512,"height":512,"caption":"Go\u015bciniec Szumny Sale weselne Bielsko-Bia\u0142a"},"image":{"@id":"https:\/\/www.gosciniecszumny.pl\/cs\/#\/schema\/logo\/image\/"},"sameAs":["https:\/\/www.facebook.com\/Gociniec-Szumny-182349508574385\/"]}]}},"_links":{"self":[{"href":"https:\/\/www.gosciniecszumny.pl\/cs\/wp-json\/wp\/v2\/categories\/551"}],"collection":[{"href":"https:\/\/www.gosciniecszumny.pl\/cs\/wp-json\/wp\/v2\/categories"}],"about":[{"href":"https:\/\/www.gosciniecszumny.pl\/cs\/wp-json\/wp\/v2\/taxonomies\/category"}],"up":[{"embeddable":true,"href":"https:\/\/www.gosciniecszumny.pl\/cs\/wp-json\/wp\/v2\/categories\/549"}],"wp:post_type":[{"href":"https:\/\/www.gosciniecszumny.pl\/cs\/wp-json\/wp\/v2\/posts?categories=551"},{"href":"https:\/\/www.gosciniecszumny.pl\/cs\/wp-json\/wp\/v2\/atrakcje-weselne?categories=551"},{"href":"https:\/\/www.gosciniecszumny.pl\/cs\/wp-json\/wp\/v2\/dodatkowa-atrakcja?categories=551"},{"href":"https:\/\/www.gosciniecszumny.pl\/cs\/wp-json\/wp\/v2\/dodatkowe-uslugi?categories=551"},{"href":"https:\/\/www.gosciniecszumny.pl\/cs\/wp-json\/wp\/v2\/oferta-specjalna?categories=551"},{"href":"https:\/\/www.gosciniecszumny.pl\/cs\/wp-json\/wp\/v2\/uslugi-weselne?categories=551"},{"href":"https:\/\/www.gosciniecszumny.pl\/cs\/wp-json\/wp\/v2\/imprezy-oferta-specj?categories=551"}],"curies":[{"name":"wp","href":"https:\/\/api.w.org\/{rel}","templated":true}]}}